{"id":34382,"date":"2020-08-28T12:48:09","date_gmt":"2020-08-28T12:48:09","guid":{"rendered":"https:\/\/soposting-worker.com\/?p=34382"},"modified":"2025-02-25T10:10:15","modified_gmt":"2025-02-25T10:10:15","slug":"detasarea-lucratorilor-noul-decret-publicat-in-jurnalul-oficial-al-frantei","status":"publish","type":"post","link":"https:\/\/soposting-worker.com\/ro\/detasarea-lucratorilor-noul-decret-publicat-in-jurnalul-oficial-al-frantei\/","title":{"rendered":"Deta\u0219area lucr\u0103torilor: noul decret publicat \u00een Jurnalul Oficial al Fran\u021bei"},"content":{"rendered":"\n<p>Deta\u0219area lucr\u0103torilor: noul decret din 28 iulie 2020, publicat \u00een Jurnalul Oficial, a intrat \u00een vigoare la 30 iulie 2020 \u0219i are scopul de a <strong>combate concuren\u021ba neloial\u0103<\/strong>.<\/p>\n\n\n\n<p>Decretul include urm\u0103toarele dispozi\u021bii:<\/p>\n\n\n\n<ul class=\"wp-block-list\">\n<li>Angajatorii care deta\u0219eaz\u0103 lucr\u0103tori trebuie acum s\u0103 acopere <strong>cheltuielile profesionale suportate de lucr\u0103torul deta\u0219at<\/strong> (transport, mas\u0103 \u0219i cazare).<\/li>\n\n\n\n<li>Procedurile de declarare \u0219i condi\u021biile de emitere a cardului profesional (cardul BTP \u00een sectorul construc\u021biilor \u0219i lucr\u0103rilor publice) s-au schimbat.<\/li>\n\n\n\n<li>Direc\u021biile regionale pentru Afaceri, Concuren\u021b\u0103, Consum, Munc\u0103 \u0219i Ocupa\u021bie (Direccte) au primit mai multe atribu\u021bii pentru a impune sanc\u021biuni.<\/li>\n<\/ul>\n\n\n\n<p>Platforma noastr\u0103 online, <a href=\"https:\/\/www.soposting-worker.com\/ro\">ASD SPW<\/a>, permite angajatorilor care deta\u0219eaz\u0103 lucr\u0103tori s\u0103 \u00eendeplineasc\u0103 toate obliga\u021biile legate de deta\u0219area lucr\u0103torilor (stocarea documentelor obligatorii, gestionarea lucr\u0103torilor deta\u0219a\u021bi, aplicarea pentru carduri SIPSI sau BTP etc.) \u00een conformitate cu acest nou decret.<\/p>\n\n\n\n<p>Contacta\u021bi exper\u021bii no\u0219tri pentru mai multe informa\u021bii.<\/p>\n\n\n\n<p>Sursa: <a href=\"https:\/\/www.actualitesdudroit.fr\/browse\/social\/contrat-de-travail-et-relations-individuelles\/28487\/detachement-de-travailleurs-de-nouvelles-dispositions-parues-au-jo\" target=\"_blank\" rel=\"noreferrer noopener\">Wolters Kluwer<\/a> &#8211; \u0218tiri juridice (\u00een limba francez\u0103)<\/p>\n\n\n\n<p><\/p>\n","protected":false},"excerpt":{"rendered":"<p>Deta\u0219area lucr\u0103torilor: noul decret din 28 iulie 2020, publicat \u00een Jurnalul Oficial, a intrat \u00een vigoare la 30 iulie 2020 \u0219i are scopul de a combate concuren\u021ba neloial\u0103. Decretul include urm\u0103toarele dispozi\u021bii: Platforma noastr\u0103 online, ASD SPW, permite angajatorilor care deta\u0219eaz\u0103 lucr\u0103tori s\u0103 \u00eendeplineasc\u0103 toate obliga\u021biile legate de deta\u0219area lucr\u0103torilor (stocarea documentelor obligatorii, gestionarea lucr\u0103torilor [&hellip;]<\/p>\n","protected":false},"author":8,"featured_media":18824,"comment_status":"closed","ping_status":"closed","sticky":false,"template":"","format":"standard","meta":{"footnotes":""},"categories":[1643],"tags":[255],"country":[167],"class_list":["post-34382","post","type-post","status-publish","format-standard","has-post-thumbnail","hentry","category-detasarea-lucratorilor","tag-reglementari","country-franta"],"yoast_head":"<!-- This site is optimized with the Yoast SEO plugin v27.4 - https:\/\/yoast.com\/product\/yoast-seo-wordpress\/ -->\n<title>Deta\u0219area lucr\u0103torilor: noul decret publicat \u00een Jurnalul Oficial al Fran\u021bei | ASD SPW<\/title>\n<meta name=\"description\" content=\"Afl\u0103 mai multe despre implica\u021biile noului decret privind deta\u0219area lucr\u0103torilor, publicat \u00een Jurnalul Oficial al Fran\u021bei.\" \/>\n<meta name=\"robots\" content=\"index, follow, max-snippet:-1, max-image-preview:large, max-video-preview:-1\" \/>\n<link rel=\"canonical\" href=\"https:\/\/soposting-worker.com\/ro\/detasarea-lucratorilor-noul-decret-publicat-in-jurnalul-oficial-al-frantei\/\" \/>\n<meta property=\"og:locale\" content=\"ro_RO\" \/>\n<meta property=\"og:type\" content=\"article\" \/>\n<meta property=\"og:title\" content=\"Deta\u0219area lucr\u0103torilor: noul decret publicat \u00een Jurnalul Oficial al Fran\u021bei | ASD SPW\" \/>\n<meta property=\"og:description\" content=\"Afl\u0103 mai multe despre implica\u021biile noului decret privind deta\u0219area lucr\u0103torilor, publicat \u00een Jurnalul Oficial al Fran\u021bei.\" \/>\n<meta property=\"og:url\" content=\"https:\/\/soposting-worker.com\/ro\/detasarea-lucratorilor-noul-decret-publicat-in-jurnalul-oficial-al-frantei\/\" \/>\n<meta property=\"og:site_name\" content=\"ASD SPW\" \/>\n<meta property=\"article:publisher\" content=\"https:\/\/www.facebook.com\/asd.spw\" \/>\n<meta property=\"article:published_time\" content=\"2020-08-28T12:48:09+00:00\" \/>\n<meta property=\"article:modified_time\" content=\"2025-02-25T10:10:15+00:00\" \/>\n<meta property=\"og:image\" content=\"https:\/\/82.97.17.139\/wp-content\/uploads\/2020\/08\/detachement-de-travailleurs-nouveau-decret-paru-au-jo.jpg\" \/>\n\t<meta property=\"og:image:width\" content=\"1440\" \/>\n\t<meta property=\"og:image:height\" content=\"960\" \/>\n\t<meta property=\"og:image:type\" content=\"image\/jpeg\" \/>\n<meta name=\"author\" content=\"No\u00e9mie Almot\" \/>\n<meta name=\"twitter:card\" content=\"summary_large_image\" \/>\n<meta name=\"twitter:label1\" content=\"Scris de\" \/>\n\t<meta name=\"twitter:data1\" content=\"No\u00e9mie Almot\" \/>\n\t<meta name=\"twitter:label2\" content=\"Timp estimat pentru citire\" \/>\n\t<meta name=\"twitter:data2\" content=\"1 minut\" \/>\n<script type=\"application\/ld+json\" class=\"yoast-schema-graph\">{\"@context\":\"https:\\\/\\\/schema.org\",\"@graph\":[{\"@type\":\"Article\",\"@id\":\"https:\\\/\\\/soposting-worker.com\\\/ro\\\/detasarea-lucratorilor-noul-decret-publicat-in-jurnalul-oficial-al-frantei\\\/#article\",\"isPartOf\":{\"@id\":\"https:\\\/\\\/soposting-worker.com\\\/ro\\\/detasarea-lucratorilor-noul-decret-publicat-in-jurnalul-oficial-al-frantei\\\/\"},\"author\":{\"name\":\"No\u00e9mie Almot\",\"@id\":\"https:\\\/\\\/soposting-worker.com\\\/ro\\\/#\\\/schema\\\/person\\\/b31bce7fff1784437db773710eff93c2\"},\"headline\":\"Deta\u0219area lucr\u0103torilor: noul decret publicat \u00een Jurnalul Oficial al Fran\u021bei\",\"datePublished\":\"2020-08-28T12:48:09+00:00\",\"dateModified\":\"2025-02-25T10:10:15+00:00\",\"mainEntityOfPage\":{\"@id\":\"https:\\\/\\\/soposting-worker.com\\\/ro\\\/detasarea-lucratorilor-noul-decret-publicat-in-jurnalul-oficial-al-frantei\\\/\"},\"wordCount\":179,\"publisher\":{\"@id\":\"https:\\\/\\\/soposting-worker.com\\\/ro\\\/#organization\"},\"image\":{\"@id\":\"https:\\\/\\\/soposting-worker.com\\\/ro\\\/detasarea-lucratorilor-noul-decret-publicat-in-jurnalul-oficial-al-frantei\\\/#primaryimage\"},\"thumbnailUrl\":\"https:\\\/\\\/soposting-worker.com\\\/wp-content\\\/uploads\\\/2020\\\/08\\\/detachement-de-travailleurs-nouveau-decret-paru-au-jo.jpg\",\"keywords\":[\"Reglement\u0103ri\"],\"articleSection\":[\"Deta\u0219area lucr\u0103torilor\"],\"inLanguage\":\"ro-RO\"},{\"@type\":\"WebPage\",\"@id\":\"https:\\\/\\\/soposting-worker.com\\\/ro\\\/detasarea-lucratorilor-noul-decret-publicat-in-jurnalul-oficial-al-frantei\\\/\",\"url\":\"https:\\\/\\\/soposting-worker.com\\\/ro\\\/detasarea-lucratorilor-noul-decret-publicat-in-jurnalul-oficial-al-frantei\\\/\",\"name\":\"Deta\u0219area lucr\u0103torilor: noul decret publicat \u00een Jurnalul Oficial al Fran\u021bei | ASD SPW\",\"isPartOf\":{\"@id\":\"https:\\\/\\\/soposting-worker.com\\\/ro\\\/#website\"},\"primaryImageOfPage\":{\"@id\":\"https:\\\/\\\/soposting-worker.com\\\/ro\\\/detasarea-lucratorilor-noul-decret-publicat-in-jurnalul-oficial-al-frantei\\\/#primaryimage\"},\"image\":{\"@id\":\"https:\\\/\\\/soposting-worker.com\\\/ro\\\/detasarea-lucratorilor-noul-decret-publicat-in-jurnalul-oficial-al-frantei\\\/#primaryimage\"},\"thumbnailUrl\":\"https:\\\/\\\/soposting-worker.com\\\/wp-content\\\/uploads\\\/2020\\\/08\\\/detachement-de-travailleurs-nouveau-decret-paru-au-jo.jpg\",\"datePublished\":\"2020-08-28T12:48:09+00:00\",\"dateModified\":\"2025-02-25T10:10:15+00:00\",\"description\":\"Afl\u0103 mai multe despre implica\u021biile noului decret privind deta\u0219area lucr\u0103torilor, publicat \u00een Jurnalul Oficial al Fran\u021bei.\",\"breadcrumb\":{\"@id\":\"https:\\\/\\\/soposting-worker.com\\\/ro\\\/detasarea-lucratorilor-noul-decret-publicat-in-jurnalul-oficial-al-frantei\\\/#breadcrumb\"},\"inLanguage\":\"ro-RO\",\"potentialAction\":[{\"@type\":\"ReadAction\",\"target\":[\"https:\\\/\\\/soposting-worker.com\\\/ro\\\/detasarea-lucratorilor-noul-decret-publicat-in-jurnalul-oficial-al-frantei\\\/\"]}]},{\"@type\":\"ImageObject\",\"inLanguage\":\"ro-RO\",\"@id\":\"https:\\\/\\\/soposting-worker.com\\\/ro\\\/detasarea-lucratorilor-noul-decret-publicat-in-jurnalul-oficial-al-frantei\\\/#primaryimage\",\"url\":\"https:\\\/\\\/soposting-worker.com\\\/wp-content\\\/uploads\\\/2020\\\/08\\\/detachement-de-travailleurs-nouveau-decret-paru-au-jo.jpg\",\"contentUrl\":\"https:\\\/\\\/soposting-worker.com\\\/wp-content\\\/uploads\\\/2020\\\/08\\\/detachement-de-travailleurs-nouveau-decret-paru-au-jo.jpg\",\"width\":1440,\"height\":960,\"caption\":\"D\u00e9tachement de travailleurs : nouveau d\u00e9cret paru au JO\"},{\"@type\":\"BreadcrumbList\",\"@id\":\"https:\\\/\\\/soposting-worker.com\\\/ro\\\/detasarea-lucratorilor-noul-decret-publicat-in-jurnalul-oficial-al-frantei\\\/#breadcrumb\",\"itemListElement\":[{\"@type\":\"ListItem\",\"position\":1,\"name\":\"Accueil\",\"item\":\"https:\\\/\\\/soposting-worker.com\\\/ro\\\/\"},{\"@type\":\"ListItem\",\"position\":2,\"name\":\"Noul decret privind deta\u0219area lucr\u0103torilor \u00een Jurnalul Oficial al Fran\u021bei\"}]},{\"@type\":\"WebSite\",\"@id\":\"https:\\\/\\\/soposting-worker.com\\\/ro\\\/#website\",\"url\":\"https:\\\/\\\/soposting-worker.com\\\/ro\\\/\",\"name\":\"ASD SPW\",\"description\":\"Streamline Your Secondments, Simplify Procedures\",\"publisher\":{\"@id\":\"https:\\\/\\\/soposting-worker.com\\\/ro\\\/#organization\"},\"alternateName\":\"So Posting Worker\",\"potentialAction\":[{\"@type\":\"SearchAction\",\"target\":{\"@type\":\"EntryPoint\",\"urlTemplate\":\"https:\\\/\\\/soposting-worker.com\\\/ro\\\/?s={search_term_string}\"},\"query-input\":{\"@type\":\"PropertyValueSpecification\",\"valueRequired\":true,\"valueName\":\"search_term_string\"}}],\"inLanguage\":\"ro-RO\"},{\"@type\":\"Organization\",\"@id\":\"https:\\\/\\\/soposting-worker.com\\\/ro\\\/#organization\",\"name\":\"ASD SPW\",\"alternateName\":\"So Posting Worker\",\"url\":\"https:\\\/\\\/soposting-worker.com\\\/ro\\\/\",\"logo\":{\"@type\":\"ImageObject\",\"inLanguage\":\"ro-RO\",\"@id\":\"https:\\\/\\\/soposting-worker.com\\\/ro\\\/#\\\/schema\\\/logo\\\/image\\\/\",\"url\":\"https:\\\/\\\/soposting-worker.com\\\/wp-content\\\/uploads\\\/2024\\\/10\\\/logo-asd-spw-noir-transparent-carre.png\",\"contentUrl\":\"https:\\\/\\\/soposting-worker.com\\\/wp-content\\\/uploads\\\/2024\\\/10\\\/logo-asd-spw-noir-transparent-carre.png\",\"width\":696,\"height\":696,\"caption\":\"ASD SPW\"},\"image\":{\"@id\":\"https:\\\/\\\/soposting-worker.com\\\/ro\\\/#\\\/schema\\\/logo\\\/image\\\/\"},\"sameAs\":[\"https:\\\/\\\/www.facebook.com\\\/asd.spw\",\"https:\\\/\\\/www.linkedin.com\\\/showcase\\\/asd-spw\\\/\"]},{\"@type\":\"Person\",\"@id\":\"https:\\\/\\\/soposting-worker.com\\\/ro\\\/#\\\/schema\\\/person\\\/b31bce7fff1784437db773710eff93c2\",\"name\":\"No\u00e9mie Almot\",\"image\":{\"@type\":\"ImageObject\",\"inLanguage\":\"ro-RO\",\"@id\":\"https:\\\/\\\/secure.gravatar.com\\\/avatar\\\/c508f2d04f5156ed4ea51ad0bc64956434847cd6ef7df14b03ab2724989799e4?s=96&d=mm&r=g\",\"url\":\"https:\\\/\\\/secure.gravatar.com\\\/avatar\\\/c508f2d04f5156ed4ea51ad0bc64956434847cd6ef7df14b03ab2724989799e4?s=96&d=mm&r=g\",\"contentUrl\":\"https:\\\/\\\/secure.gravatar.com\\\/avatar\\\/c508f2d04f5156ed4ea51ad0bc64956434847cd6ef7df14b03ab2724989799e4?s=96&d=mm&r=g\",\"caption\":\"No\u00e9mie Almot\"},\"url\":\"https:\\\/\\\/soposting-worker.com\\\/ro\\\/author\\\/nalmot\\\/\"}]}<\/script>\n<!-- \/ Yoast SEO plugin. -->","yoast_head_json":{"title":"Deta\u0219area lucr\u0103torilor: noul decret publicat \u00een Jurnalul Oficial al Fran\u021bei | ASD SPW","description":"Afl\u0103 mai multe despre implica\u021biile noului decret privind deta\u0219area lucr\u0103torilor, publicat \u00een Jurnalul Oficial al Fran\u021bei.","robots":{"index":"index","follow":"follow","max-snippet":"max-snippet:-1","max-image-preview":"max-image-preview:large","max-video-preview":"max-video-preview:-1"},"canonical":"https:\/\/soposting-worker.com\/ro\/detasarea-lucratorilor-noul-decret-publicat-in-jurnalul-oficial-al-frantei\/","og_locale":"ro_RO","og_type":"article","og_title":"Deta\u0219area lucr\u0103torilor: noul decret publicat \u00een Jurnalul Oficial al Fran\u021bei | ASD SPW","og_description":"Afl\u0103 mai multe despre implica\u021biile noului decret privind deta\u0219area lucr\u0103torilor, publicat \u00een Jurnalul Oficial al Fran\u021bei.","og_url":"https:\/\/soposting-worker.com\/ro\/detasarea-lucratorilor-noul-decret-publicat-in-jurnalul-oficial-al-frantei\/","og_site_name":"ASD SPW","article_publisher":"https:\/\/www.facebook.com\/asd.spw","article_published_time":"2020-08-28T12:48:09+00:00","article_modified_time":"2025-02-25T10:10:15+00:00","og_image":[{"width":1440,"height":960,"url":"https:\/\/82.97.17.139\/wp-content\/uploads\/2020\/08\/detachement-de-travailleurs-nouveau-decret-paru-au-jo.jpg","type":"image\/jpeg"}],"author":"No\u00e9mie Almot","twitter_card":"summary_large_image","twitter_misc":{"Scris de":"No\u00e9mie Almot","Timp estimat pentru citire":"1 minut"},"schema":{"@context":"https:\/\/schema.org","@graph":[{"@type":"Article","@id":"https:\/\/soposting-worker.com\/ro\/detasarea-lucratorilor-noul-decret-publicat-in-jurnalul-oficial-al-frantei\/#article","isPartOf":{"@id":"https:\/\/soposting-worker.com\/ro\/detasarea-lucratorilor-noul-decret-publicat-in-jurnalul-oficial-al-frantei\/"},"author":{"name":"No\u00e9mie Almot","@id":"https:\/\/soposting-worker.com\/ro\/#\/schema\/person\/b31bce7fff1784437db773710eff93c2"},"headline":"Deta\u0219area lucr\u0103torilor: noul decret publicat \u00een Jurnalul Oficial al Fran\u021bei","datePublished":"2020-08-28T12:48:09+00:00","dateModified":"2025-02-25T10:10:15+00:00","mainEntityOfPage":{"@id":"https:\/\/soposting-worker.com\/ro\/detasarea-lucratorilor-noul-decret-publicat-in-jurnalul-oficial-al-frantei\/"},"wordCount":179,"publisher":{"@id":"https:\/\/soposting-worker.com\/ro\/#organization"},"image":{"@id":"https:\/\/soposting-worker.com\/ro\/detasarea-lucratorilor-noul-decret-publicat-in-jurnalul-oficial-al-frantei\/#primaryimage"},"thumbnailUrl":"https:\/\/soposting-worker.com\/wp-content\/uploads\/2020\/08\/detachement-de-travailleurs-nouveau-decret-paru-au-jo.jpg","keywords":["Reglement\u0103ri"],"articleSection":["Deta\u0219area lucr\u0103torilor"],"inLanguage":"ro-RO"},{"@type":"WebPage","@id":"https:\/\/soposting-worker.com\/ro\/detasarea-lucratorilor-noul-decret-publicat-in-jurnalul-oficial-al-frantei\/","url":"https:\/\/soposting-worker.com\/ro\/detasarea-lucratorilor-noul-decret-publicat-in-jurnalul-oficial-al-frantei\/","name":"Deta\u0219area lucr\u0103torilor: noul decret publicat \u00een Jurnalul Oficial al Fran\u021bei | ASD SPW","isPartOf":{"@id":"https:\/\/soposting-worker.com\/ro\/#website"},"primaryImageOfPage":{"@id":"https:\/\/soposting-worker.com\/ro\/detasarea-lucratorilor-noul-decret-publicat-in-jurnalul-oficial-al-frantei\/#primaryimage"},"image":{"@id":"https:\/\/soposting-worker.com\/ro\/detasarea-lucratorilor-noul-decret-publicat-in-jurnalul-oficial-al-frantei\/#primaryimage"},"thumbnailUrl":"https:\/\/soposting-worker.com\/wp-content\/uploads\/2020\/08\/detachement-de-travailleurs-nouveau-decret-paru-au-jo.jpg","datePublished":"2020-08-28T12:48:09+00:00","dateModified":"2025-02-25T10:10:15+00:00","description":"Afl\u0103 mai multe despre implica\u021biile noului decret privind deta\u0219area lucr\u0103torilor, publicat \u00een Jurnalul Oficial al Fran\u021bei.","breadcrumb":{"@id":"https:\/\/soposting-worker.com\/ro\/detasarea-lucratorilor-noul-decret-publicat-in-jurnalul-oficial-al-frantei\/#breadcrumb"},"inLanguage":"ro-RO","potentialAction":[{"@type":"ReadAction","target":["https:\/\/soposting-worker.com\/ro\/detasarea-lucratorilor-noul-decret-publicat-in-jurnalul-oficial-al-frantei\/"]}]},{"@type":"ImageObject","inLanguage":"ro-RO","@id":"https:\/\/soposting-worker.com\/ro\/detasarea-lucratorilor-noul-decret-publicat-in-jurnalul-oficial-al-frantei\/#primaryimage","url":"https:\/\/soposting-worker.com\/wp-content\/uploads\/2020\/08\/detachement-de-travailleurs-nouveau-decret-paru-au-jo.jpg","contentUrl":"https:\/\/soposting-worker.com\/wp-content\/uploads\/2020\/08\/detachement-de-travailleurs-nouveau-decret-paru-au-jo.jpg","width":1440,"height":960,"caption":"D\u00e9tachement de travailleurs : nouveau d\u00e9cret paru au JO"},{"@type":"BreadcrumbList","@id":"https:\/\/soposting-worker.com\/ro\/detasarea-lucratorilor-noul-decret-publicat-in-jurnalul-oficial-al-frantei\/#breadcrumb","itemListElement":[{"@type":"ListItem","position":1,"name":"Accueil","item":"https:\/\/soposting-worker.com\/ro\/"},{"@type":"ListItem","position":2,"name":"Noul decret privind deta\u0219area lucr\u0103torilor \u00een Jurnalul Oficial al Fran\u021bei"}]},{"@type":"WebSite","@id":"https:\/\/soposting-worker.com\/ro\/#website","url":"https:\/\/soposting-worker.com\/ro\/","name":"ASD SPW","description":"Streamline Your Secondments, Simplify Procedures","publisher":{"@id":"https:\/\/soposting-worker.com\/ro\/#organization"},"alternateName":"So Posting Worker","potentialAction":[{"@type":"SearchAction","target":{"@type":"EntryPoint","urlTemplate":"https:\/\/soposting-worker.com\/ro\/?s={search_term_string}"},"query-input":{"@type":"PropertyValueSpecification","valueRequired":true,"valueName":"search_term_string"}}],"inLanguage":"ro-RO"},{"@type":"Organization","@id":"https:\/\/soposting-worker.com\/ro\/#organization","name":"ASD SPW","alternateName":"So Posting Worker","url":"https:\/\/soposting-worker.com\/ro\/","logo":{"@type":"ImageObject","inLanguage":"ro-RO","@id":"https:\/\/soposting-worker.com\/ro\/#\/schema\/logo\/image\/","url":"https:\/\/soposting-worker.com\/wp-content\/uploads\/2024\/10\/logo-asd-spw-noir-transparent-carre.png","contentUrl":"https:\/\/soposting-worker.com\/wp-content\/uploads\/2024\/10\/logo-asd-spw-noir-transparent-carre.png","width":696,"height":696,"caption":"ASD SPW"},"image":{"@id":"https:\/\/soposting-worker.com\/ro\/#\/schema\/logo\/image\/"},"sameAs":["https:\/\/www.facebook.com\/asd.spw","https:\/\/www.linkedin.com\/showcase\/asd-spw\/"]},{"@type":"Person","@id":"https:\/\/soposting-worker.com\/ro\/#\/schema\/person\/b31bce7fff1784437db773710eff93c2","name":"No\u00e9mie Almot","image":{"@type":"ImageObject","inLanguage":"ro-RO","@id":"https:\/\/secure.gravatar.com\/avatar\/c508f2d04f5156ed4ea51ad0bc64956434847cd6ef7df14b03ab2724989799e4?s=96&d=mm&r=g","url":"https:\/\/secure.gravatar.com\/avatar\/c508f2d04f5156ed4ea51ad0bc64956434847cd6ef7df14b03ab2724989799e4?s=96&d=mm&r=g","contentUrl":"https:\/\/secure.gravatar.com\/avatar\/c508f2d04f5156ed4ea51ad0bc64956434847cd6ef7df14b03ab2724989799e4?s=96&d=mm&r=g","caption":"No\u00e9mie Almot"},"url":"https:\/\/soposting-worker.com\/ro\/author\/nalmot\/"}]}},"_links":{"self":[{"href":"https:\/\/soposting-worker.com\/ro\/wp-json\/wp\/v2\/posts\/34382","targetHints":{"allow":["GET"]}}],"collection":[{"href":"https:\/\/soposting-worker.com\/ro\/wp-json\/wp\/v2\/posts"}],"about":[{"href":"https:\/\/soposting-worker.com\/ro\/wp-json\/wp\/v2\/types\/post"}],"author":[{"embeddable":true,"href":"https:\/\/soposting-worker.com\/ro\/wp-json\/wp\/v2\/users\/8"}],"replies":[{"embeddable":true,"href":"https:\/\/soposting-worker.com\/ro\/wp-json\/wp\/v2\/comments?post=34382"}],"version-history":[{"count":1,"href":"https:\/\/soposting-worker.com\/ro\/wp-json\/wp\/v2\/posts\/34382\/revisions"}],"predecessor-version":[{"id":34383,"href":"https:\/\/soposting-worker.com\/ro\/wp-json\/wp\/v2\/posts\/34382\/revisions\/34383"}],"wp:featuredmedia":[{"embeddable":true,"href":"https:\/\/soposting-worker.com\/ro\/wp-json\/wp\/v2\/media\/18824"}],"wp:attachment":[{"href":"https:\/\/soposting-worker.com\/ro\/wp-json\/wp\/v2\/media?parent=34382"}],"wp:term":[{"taxonomy":"category","embeddable":true,"href":"https:\/\/soposting-worker.com\/ro\/wp-json\/wp\/v2\/categories?post=34382"},{"taxonomy":"post_tag","embeddable":true,"href":"https:\/\/soposting-worker.com\/ro\/wp-json\/wp\/v2\/tags?post=34382"},{"taxonomy":"country","embeddable":true,"href":"https:\/\/soposting-worker.com\/ro\/wp-json\/wp\/v2\/country?post=34382"}],"curies":[{"name":"wp","href":"https:\/\/api.w.org\/{rel}","templated":true}]}}