{"id":34376,"date":"2019-04-25T12:48:10","date_gmt":"2019-04-25T12:48:10","guid":{"rendered":"https:\/\/soposting-worker.com\/?p=34376"},"modified":"2025-02-25T09:33:45","modified_gmt":"2025-02-25T09:33:45","slug":"noi-reglementari-pentru-transportatori-in-legatura-cu-detasarea-angajatilor","status":"publish","type":"post","link":"https:\/\/soposting-worker.com\/ro\/noi-reglementari-pentru-transportatori-in-legatura-cu-detasarea-angajatilor\/","title":{"rendered":"Noi reglement\u0103ri pentru transportatori \u00een leg\u0103tur\u0103 cu deta\u0219area angaja\u021bilor"},"content":{"rendered":"\n<h2 class=\"wp-block-heading\">Zone cu emisii sc\u0103zute&#8221; \u0219i vignete pentru vehiculele de marf\u0103 grele<\/h2>\n\n\n\n<p>\u00cencep\u00e2nd cu 1 iulie 2019, zona metropolitan\u0103 Paris va deveni o &#8222;zon\u0103 cu emisii sc\u0103zute&#8221;. Metropola va reproduce acelea\u0219i decizii luate de capital\u0103 \u00een 2017, astfel c\u0103 vehiculele de marf\u0103 Euro 3 vor fi interzise \u00een 79 de comune din jurul A86.<\/p>\n\n\n\n<p>O alt\u0103 problem\u0103 este vigneta HGV, care ar putea deveni obligatorie \u00een viitor. Aceasta ar contribui la contribu\u021bia transportatorilor pentru \u00eentre\u021binerea re\u021belei. Guvernul dore\u0219te, de asemenea, s\u0103 o impun\u0103 \u0219oferilor str\u0103ini, ceea ce provoac\u0103 un dezbateri considerabile \u00een fa\u021ba unei politici europene de nediscriminare \u00eentre diferitele \u021b\u0103ri ale Uniunii Europene. Totu\u0219i, \u00eentrebarea nu va fi ridicat\u0103 p\u00e2n\u0103 \u00een 2020. \u00cen fa\u021ba crizei \u0219i a oboselii fiscale \u00een Fran\u021ba, a ap\u0103rut o alt\u0103 ipotez\u0103: s\u0103 fac\u0103 <strong>vigneta deductibil\u0103 din TICPE<\/strong> (Taxa intern\u0103 de consum pe produsele energetice), astfel \u00eenc\u00e2t s\u0103 fie &#8222;rambursat\u0103&#8221; la fiecare plin de combustibil pentru \u0219oferii francezi (f\u0103r\u0103 povar\u0103 fiscal\u0103 suplimentar\u0103), excluz\u00e2nd astfel str\u0103inii care nu opresc niciodat\u0103 la pompele franceze.<\/p>\n\n\n\n<h2 class=\"wp-block-heading\">Chronografele de bord: noua genera\u021bie obligatorie p\u00e2n\u0103 \u00een 2024<\/h2>\n\n\n\n<p>O nou\u0103 reglementare privind tahograful digital va intra \u00een vigoare \u00een iunie 2019. Mai sigur \u0219i mai comunicativ, aceasta vizeaz\u0103 reducerea fraudelor f\u0103c\u00e2nd datele c\u00e2t mai greu falsificabile.<\/p>\n\n\n\n<p>Noile reglement\u0103ri se vor aplica vehiculelor de marf\u0103 de peste 3,5 tone care sunt deja supuse obliga\u021biei actuale. Cu toate acestea, dac\u0103 flota dumneavoastr\u0103 este echipat\u0103 cu vechile tahografe, ave\u021bi timp p\u00e2n\u0103 \u00een 2024 pentru a le \u00eenlocui.<\/p>\n\n\n\n<p>Vor include func\u021bii mai avansate:<\/p>\n\n\n\n<ul class=\"wp-block-list\">\n<li>Un sistem GNSS &#8211; un sistem de geoloca\u021bie care va \u00eenregistra loca\u021bia vehiculului la \u00eenceputul \u0219i sf\u00e2r\u0219itul c\u0103l\u0103toriei \u0219i la fiecare 3 ore.<\/li>\n\n\n\n<li>O interfa\u021b\u0103 DSRC &#8211; care va detecta utilizarea incorect\u0103 astfel \u00eenc\u00e2t doar vehiculele care \u00eencalc\u0103 regulile pot fi imobilizate.<\/li>\n\n\n\n<li>O interfa\u021b\u0103 ITS &#8211; aceasta este o op\u021biune pentru a \u00eemp\u0103rt\u0103\u0219i datele de activitate cu alte aplica\u021bii existente.<\/li>\n<\/ul>\n\n\n\n<p>Afla\u021bi mai multe despre toate obliga\u021biile legate de <a href=\"https:\/\/soposting-worker.com\/ro\/transport\/\">deta\u0219area angaja\u021bilor \u00een Fran\u021ba \u00een industria transporturilor<\/a>.<\/p>\n","protected":false},"excerpt":{"rendered":"<p>Zone cu emisii sc\u0103zute&#8221; \u0219i vignete pentru vehiculele de marf\u0103 grele \u00cencep\u00e2nd cu 1 iulie 2019, zona metropolitan\u0103 Paris va deveni o &#8222;zon\u0103 cu emisii sc\u0103zute&#8221;. Metropola va reproduce acelea\u0219i decizii luate de capital\u0103 \u00een 2017, astfel c\u0103 vehiculele de marf\u0103 Euro 3 vor fi interzise \u00een 79 de comune din jurul A86. O alt\u0103 [&hellip;]<\/p>\n","protected":false},"author":8,"featured_media":18867,"comment_status":"closed","ping_status":"closed","sticky":false,"template":"","format":"standard","meta":{"footnotes":""},"categories":[1643],"tags":[183,237,282],"country":[167],"class_list":["post-34376","post","type-post","status-publish","format-standard","has-post-thumbnail","hentry","category-detasarea-lucratorilor","tag-certificat-de-calitate-a-aerului-critair","tag-obligatii","tag-transport-ro","country-franta"],"yoast_head":"<!-- This site is optimized with the Yoast SEO plugin v27.5 - https:\/\/yoast.com\/product\/yoast-seo-wordpress\/ -->\n<title>Noi reglement\u0103ri pentru transportatori privind deta\u0219area angaja\u021bilor | ASD SPW<\/title>\n<meta name=\"description\" content=\"Afla\u021bi mai multe despre noile reglement\u0103ri pentru transportatori privind deta\u0219area angaja\u021bilor \u0219i obliga\u021biile aferente \u00een Fran\u021ba.\" \/>\n<meta name=\"robots\" content=\"index, follow, max-snippet:-1, max-image-preview:large, max-video-preview:-1\" \/>\n<link rel=\"canonical\" href=\"https:\/\/soposting-worker.com\/ro\/noi-reglementari-pentru-transportatori-in-legatura-cu-detasarea-angajatilor\/\" \/>\n<meta property=\"og:locale\" content=\"ro_RO\" \/>\n<meta property=\"og:type\" content=\"article\" \/>\n<meta property=\"og:title\" content=\"Noi reglement\u0103ri pentru transportatori privind deta\u0219area angaja\u021bilor | ASD SPW\" \/>\n<meta property=\"og:description\" content=\"Afla\u021bi mai multe despre noile reglement\u0103ri pentru transportatori privind deta\u0219area angaja\u021bilor \u0219i obliga\u021biile aferente \u00een Fran\u021ba.\" \/>\n<meta property=\"og:url\" content=\"https:\/\/soposting-worker.com\/ro\/noi-reglementari-pentru-transportatori-in-legatura-cu-detasarea-angajatilor\/\" \/>\n<meta property=\"og:site_name\" content=\"ASD SPW\" \/>\n<meta property=\"article:publisher\" content=\"https:\/\/www.facebook.com\/asd.spw\" \/>\n<meta property=\"article:published_time\" content=\"2019-04-25T12:48:10+00:00\" \/>\n<meta property=\"article:modified_time\" content=\"2025-02-25T09:33:45+00:00\" \/>\n<meta property=\"og:image\" content=\"https:\/\/82.97.17.139\/wp-content\/uploads\/2024\/02\/nouvelles-reglementations-pour-les-transporteurs.jpg\" \/>\n\t<meta property=\"og:image:width\" content=\"1440\" \/>\n\t<meta property=\"og:image:height\" content=\"960\" \/>\n\t<meta property=\"og:image:type\" content=\"image\/jpeg\" \/>\n<meta name=\"author\" content=\"No\u00e9mie Almot\" \/>\n<meta name=\"twitter:card\" content=\"summary_large_image\" \/>\n<meta name=\"twitter:label1\" content=\"Scris de\" \/>\n\t<meta name=\"twitter:data1\" content=\"No\u00e9mie Almot\" \/>\n\t<meta name=\"twitter:label2\" content=\"Timp estimat pentru citire\" \/>\n\t<meta name=\"twitter:data2\" content=\"2 minute\" \/>\n<script type=\"application\/ld+json\" class=\"yoast-schema-graph\">{\"@context\":\"https:\\\/\\\/schema.org\",\"@graph\":[{\"@type\":\"Article\",\"@id\":\"https:\\\/\\\/soposting-worker.com\\\/ro\\\/noi-reglementari-pentru-transportatori-in-legatura-cu-detasarea-angajatilor\\\/#article\",\"isPartOf\":{\"@id\":\"https:\\\/\\\/soposting-worker.com\\\/ro\\\/noi-reglementari-pentru-transportatori-in-legatura-cu-detasarea-angajatilor\\\/\"},\"author\":{\"name\":\"No\u00e9mie Almot\",\"@id\":\"https:\\\/\\\/soposting-worker.com\\\/ro\\\/#\\\/schema\\\/person\\\/b31bce7fff1784437db773710eff93c2\"},\"headline\":\"Noi reglement\u0103ri pentru transportatori \u00een leg\u0103tur\u0103 cu deta\u0219area angaja\u021bilor\",\"datePublished\":\"2019-04-25T12:48:10+00:00\",\"dateModified\":\"2025-02-25T09:33:45+00:00\",\"mainEntityOfPage\":{\"@id\":\"https:\\\/\\\/soposting-worker.com\\\/ro\\\/noi-reglementari-pentru-transportatori-in-legatura-cu-detasarea-angajatilor\\\/\"},\"wordCount\":368,\"publisher\":{\"@id\":\"https:\\\/\\\/soposting-worker.com\\\/ro\\\/#organization\"},\"image\":{\"@id\":\"https:\\\/\\\/soposting-worker.com\\\/ro\\\/noi-reglementari-pentru-transportatori-in-legatura-cu-detasarea-angajatilor\\\/#primaryimage\"},\"thumbnailUrl\":\"https:\\\/\\\/soposting-worker.com\\\/wp-content\\\/uploads\\\/2024\\\/02\\\/nouvelles-reglementations-pour-les-transporteurs.jpg\",\"keywords\":[\"Certificat de calitate a aerului (Crit'Air)\",\"Obliga\u021bii\",\"Transport\"],\"articleSection\":[\"Deta\u0219area lucr\u0103torilor\"],\"inLanguage\":\"ro-RO\"},{\"@type\":\"WebPage\",\"@id\":\"https:\\\/\\\/soposting-worker.com\\\/ro\\\/noi-reglementari-pentru-transportatori-in-legatura-cu-detasarea-angajatilor\\\/\",\"url\":\"https:\\\/\\\/soposting-worker.com\\\/ro\\\/noi-reglementari-pentru-transportatori-in-legatura-cu-detasarea-angajatilor\\\/\",\"name\":\"Noi reglement\u0103ri pentru transportatori privind deta\u0219area angaja\u021bilor | ASD SPW\",\"isPartOf\":{\"@id\":\"https:\\\/\\\/soposting-worker.com\\\/ro\\\/#website\"},\"primaryImageOfPage\":{\"@id\":\"https:\\\/\\\/soposting-worker.com\\\/ro\\\/noi-reglementari-pentru-transportatori-in-legatura-cu-detasarea-angajatilor\\\/#primaryimage\"},\"image\":{\"@id\":\"https:\\\/\\\/soposting-worker.com\\\/ro\\\/noi-reglementari-pentru-transportatori-in-legatura-cu-detasarea-angajatilor\\\/#primaryimage\"},\"thumbnailUrl\":\"https:\\\/\\\/soposting-worker.com\\\/wp-content\\\/uploads\\\/2024\\\/02\\\/nouvelles-reglementations-pour-les-transporteurs.jpg\",\"datePublished\":\"2019-04-25T12:48:10+00:00\",\"dateModified\":\"2025-02-25T09:33:45+00:00\",\"description\":\"Afla\u021bi mai multe despre noile reglement\u0103ri pentru transportatori privind deta\u0219area angaja\u021bilor \u0219i obliga\u021biile aferente \u00een Fran\u021ba.\",\"breadcrumb\":{\"@id\":\"https:\\\/\\\/soposting-worker.com\\\/ro\\\/noi-reglementari-pentru-transportatori-in-legatura-cu-detasarea-angajatilor\\\/#breadcrumb\"},\"inLanguage\":\"ro-RO\",\"potentialAction\":[{\"@type\":\"ReadAction\",\"target\":[\"https:\\\/\\\/soposting-worker.com\\\/ro\\\/noi-reglementari-pentru-transportatori-in-legatura-cu-detasarea-angajatilor\\\/\"]}]},{\"@type\":\"ImageObject\",\"inLanguage\":\"ro-RO\",\"@id\":\"https:\\\/\\\/soposting-worker.com\\\/ro\\\/noi-reglementari-pentru-transportatori-in-legatura-cu-detasarea-angajatilor\\\/#primaryimage\",\"url\":\"https:\\\/\\\/soposting-worker.com\\\/wp-content\\\/uploads\\\/2024\\\/02\\\/nouvelles-reglementations-pour-les-transporteurs.jpg\",\"contentUrl\":\"https:\\\/\\\/soposting-worker.com\\\/wp-content\\\/uploads\\\/2024\\\/02\\\/nouvelles-reglementations-pour-les-transporteurs.jpg\",\"width\":1440,\"height\":960,\"caption\":\"Nouvelles r\u00e9glementations pour les transporteurs\"},{\"@type\":\"BreadcrumbList\",\"@id\":\"https:\\\/\\\/soposting-worker.com\\\/ro\\\/noi-reglementari-pentru-transportatori-in-legatura-cu-detasarea-angajatilor\\\/#breadcrumb\",\"itemListElement\":[{\"@type\":\"ListItem\",\"position\":1,\"name\":\"Accueil\",\"item\":\"https:\\\/\\\/soposting-worker.com\\\/ro\\\/\"},{\"@type\":\"ListItem\",\"position\":2,\"name\":\"Noi reglement\u0103ri pentru transportatori \u00een leg\u0103tur\u0103 cu deta\u0219area angaja\u021bilor\"}]},{\"@type\":\"WebSite\",\"@id\":\"https:\\\/\\\/soposting-worker.com\\\/ro\\\/#website\",\"url\":\"https:\\\/\\\/soposting-worker.com\\\/ro\\\/\",\"name\":\"ASD SPW\",\"description\":\"Streamline Your Secondments, Simplify Procedures\",\"publisher\":{\"@id\":\"https:\\\/\\\/soposting-worker.com\\\/ro\\\/#organization\"},\"alternateName\":\"So Posting Worker\",\"potentialAction\":[{\"@type\":\"SearchAction\",\"target\":{\"@type\":\"EntryPoint\",\"urlTemplate\":\"https:\\\/\\\/soposting-worker.com\\\/ro\\\/?s={search_term_string}\"},\"query-input\":{\"@type\":\"PropertyValueSpecification\",\"valueRequired\":true,\"valueName\":\"search_term_string\"}}],\"inLanguage\":\"ro-RO\"},{\"@type\":\"Organization\",\"@id\":\"https:\\\/\\\/soposting-worker.com\\\/ro\\\/#organization\",\"name\":\"ASD SPW\",\"alternateName\":\"So Posting Worker\",\"url\":\"https:\\\/\\\/soposting-worker.com\\\/ro\\\/\",\"logo\":{\"@type\":\"ImageObject\",\"inLanguage\":\"ro-RO\",\"@id\":\"https:\\\/\\\/soposting-worker.com\\\/ro\\\/#\\\/schema\\\/logo\\\/image\\\/\",\"url\":\"https:\\\/\\\/soposting-worker.com\\\/wp-content\\\/uploads\\\/2024\\\/10\\\/logo-asd-spw-noir-transparent-carre.png\",\"contentUrl\":\"https:\\\/\\\/soposting-worker.com\\\/wp-content\\\/uploads\\\/2024\\\/10\\\/logo-asd-spw-noir-transparent-carre.png\",\"width\":696,\"height\":696,\"caption\":\"ASD SPW\"},\"image\":{\"@id\":\"https:\\\/\\\/soposting-worker.com\\\/ro\\\/#\\\/schema\\\/logo\\\/image\\\/\"},\"sameAs\":[\"https:\\\/\\\/www.facebook.com\\\/asd.spw\",\"https:\\\/\\\/www.linkedin.com\\\/showcase\\\/asd-spw\\\/\"]},{\"@type\":\"Person\",\"@id\":\"https:\\\/\\\/soposting-worker.com\\\/ro\\\/#\\\/schema\\\/person\\\/b31bce7fff1784437db773710eff93c2\",\"name\":\"No\u00e9mie Almot\",\"image\":{\"@type\":\"ImageObject\",\"inLanguage\":\"ro-RO\",\"@id\":\"https:\\\/\\\/secure.gravatar.com\\\/avatar\\\/c508f2d04f5156ed4ea51ad0bc64956434847cd6ef7df14b03ab2724989799e4?s=96&d=mm&r=g\",\"url\":\"https:\\\/\\\/secure.gravatar.com\\\/avatar\\\/c508f2d04f5156ed4ea51ad0bc64956434847cd6ef7df14b03ab2724989799e4?s=96&d=mm&r=g\",\"contentUrl\":\"https:\\\/\\\/secure.gravatar.com\\\/avatar\\\/c508f2d04f5156ed4ea51ad0bc64956434847cd6ef7df14b03ab2724989799e4?s=96&d=mm&r=g\",\"caption\":\"No\u00e9mie Almot\"},\"url\":\"https:\\\/\\\/soposting-worker.com\\\/ro\\\/author\\\/nalmot\\\/\"}]}<\/script>\n<!-- \/ Yoast SEO plugin. -->","yoast_head_json":{"title":"Noi reglement\u0103ri pentru transportatori privind deta\u0219area angaja\u021bilor | ASD SPW","description":"Afla\u021bi mai multe despre noile reglement\u0103ri pentru transportatori privind deta\u0219area angaja\u021bilor \u0219i obliga\u021biile aferente \u00een Fran\u021ba.","robots":{"index":"index","follow":"follow","max-snippet":"max-snippet:-1","max-image-preview":"max-image-preview:large","max-video-preview":"max-video-preview:-1"},"canonical":"https:\/\/soposting-worker.com\/ro\/noi-reglementari-pentru-transportatori-in-legatura-cu-detasarea-angajatilor\/","og_locale":"ro_RO","og_type":"article","og_title":"Noi reglement\u0103ri pentru transportatori privind deta\u0219area angaja\u021bilor | ASD SPW","og_description":"Afla\u021bi mai multe despre noile reglement\u0103ri pentru transportatori privind deta\u0219area angaja\u021bilor \u0219i obliga\u021biile aferente \u00een Fran\u021ba.","og_url":"https:\/\/soposting-worker.com\/ro\/noi-reglementari-pentru-transportatori-in-legatura-cu-detasarea-angajatilor\/","og_site_name":"ASD SPW","article_publisher":"https:\/\/www.facebook.com\/asd.spw","article_published_time":"2019-04-25T12:48:10+00:00","article_modified_time":"2025-02-25T09:33:45+00:00","og_image":[{"width":1440,"height":960,"url":"https:\/\/82.97.17.139\/wp-content\/uploads\/2024\/02\/nouvelles-reglementations-pour-les-transporteurs.jpg","type":"image\/jpeg"}],"author":"No\u00e9mie Almot","twitter_card":"summary_large_image","twitter_misc":{"Scris de":"No\u00e9mie Almot","Timp estimat pentru citire":"2 minute"},"schema":{"@context":"https:\/\/schema.org","@graph":[{"@type":"Article","@id":"https:\/\/soposting-worker.com\/ro\/noi-reglementari-pentru-transportatori-in-legatura-cu-detasarea-angajatilor\/#article","isPartOf":{"@id":"https:\/\/soposting-worker.com\/ro\/noi-reglementari-pentru-transportatori-in-legatura-cu-detasarea-angajatilor\/"},"author":{"name":"No\u00e9mie Almot","@id":"https:\/\/soposting-worker.com\/ro\/#\/schema\/person\/b31bce7fff1784437db773710eff93c2"},"headline":"Noi reglement\u0103ri pentru transportatori \u00een leg\u0103tur\u0103 cu deta\u0219area angaja\u021bilor","datePublished":"2019-04-25T12:48:10+00:00","dateModified":"2025-02-25T09:33:45+00:00","mainEntityOfPage":{"@id":"https:\/\/soposting-worker.com\/ro\/noi-reglementari-pentru-transportatori-in-legatura-cu-detasarea-angajatilor\/"},"wordCount":368,"publisher":{"@id":"https:\/\/soposting-worker.com\/ro\/#organization"},"image":{"@id":"https:\/\/soposting-worker.com\/ro\/noi-reglementari-pentru-transportatori-in-legatura-cu-detasarea-angajatilor\/#primaryimage"},"thumbnailUrl":"https:\/\/soposting-worker.com\/wp-content\/uploads\/2024\/02\/nouvelles-reglementations-pour-les-transporteurs.jpg","keywords":["Certificat de calitate a aerului (Crit'Air)","Obliga\u021bii","Transport"],"articleSection":["Deta\u0219area lucr\u0103torilor"],"inLanguage":"ro-RO"},{"@type":"WebPage","@id":"https:\/\/soposting-worker.com\/ro\/noi-reglementari-pentru-transportatori-in-legatura-cu-detasarea-angajatilor\/","url":"https:\/\/soposting-worker.com\/ro\/noi-reglementari-pentru-transportatori-in-legatura-cu-detasarea-angajatilor\/","name":"Noi reglement\u0103ri pentru transportatori privind deta\u0219area angaja\u021bilor | ASD SPW","isPartOf":{"@id":"https:\/\/soposting-worker.com\/ro\/#website"},"primaryImageOfPage":{"@id":"https:\/\/soposting-worker.com\/ro\/noi-reglementari-pentru-transportatori-in-legatura-cu-detasarea-angajatilor\/#primaryimage"},"image":{"@id":"https:\/\/soposting-worker.com\/ro\/noi-reglementari-pentru-transportatori-in-legatura-cu-detasarea-angajatilor\/#primaryimage"},"thumbnailUrl":"https:\/\/soposting-worker.com\/wp-content\/uploads\/2024\/02\/nouvelles-reglementations-pour-les-transporteurs.jpg","datePublished":"2019-04-25T12:48:10+00:00","dateModified":"2025-02-25T09:33:45+00:00","description":"Afla\u021bi mai multe despre noile reglement\u0103ri pentru transportatori privind deta\u0219area angaja\u021bilor \u0219i obliga\u021biile aferente \u00een Fran\u021ba.","breadcrumb":{"@id":"https:\/\/soposting-worker.com\/ro\/noi-reglementari-pentru-transportatori-in-legatura-cu-detasarea-angajatilor\/#breadcrumb"},"inLanguage":"ro-RO","potentialAction":[{"@type":"ReadAction","target":["https:\/\/soposting-worker.com\/ro\/noi-reglementari-pentru-transportatori-in-legatura-cu-detasarea-angajatilor\/"]}]},{"@type":"ImageObject","inLanguage":"ro-RO","@id":"https:\/\/soposting-worker.com\/ro\/noi-reglementari-pentru-transportatori-in-legatura-cu-detasarea-angajatilor\/#primaryimage","url":"https:\/\/soposting-worker.com\/wp-content\/uploads\/2024\/02\/nouvelles-reglementations-pour-les-transporteurs.jpg","contentUrl":"https:\/\/soposting-worker.com\/wp-content\/uploads\/2024\/02\/nouvelles-reglementations-pour-les-transporteurs.jpg","width":1440,"height":960,"caption":"Nouvelles r\u00e9glementations pour les transporteurs"},{"@type":"BreadcrumbList","@id":"https:\/\/soposting-worker.com\/ro\/noi-reglementari-pentru-transportatori-in-legatura-cu-detasarea-angajatilor\/#breadcrumb","itemListElement":[{"@type":"ListItem","position":1,"name":"Accueil","item":"https:\/\/soposting-worker.com\/ro\/"},{"@type":"ListItem","position":2,"name":"Noi reglement\u0103ri pentru transportatori \u00een leg\u0103tur\u0103 cu deta\u0219area angaja\u021bilor"}]},{"@type":"WebSite","@id":"https:\/\/soposting-worker.com\/ro\/#website","url":"https:\/\/soposting-worker.com\/ro\/","name":"ASD SPW","description":"Streamline Your Secondments, Simplify Procedures","publisher":{"@id":"https:\/\/soposting-worker.com\/ro\/#organization"},"alternateName":"So Posting Worker","potentialAction":[{"@type":"SearchAction","target":{"@type":"EntryPoint","urlTemplate":"https:\/\/soposting-worker.com\/ro\/?s={search_term_string}"},"query-input":{"@type":"PropertyValueSpecification","valueRequired":true,"valueName":"search_term_string"}}],"inLanguage":"ro-RO"},{"@type":"Organization","@id":"https:\/\/soposting-worker.com\/ro\/#organization","name":"ASD SPW","alternateName":"So Posting Worker","url":"https:\/\/soposting-worker.com\/ro\/","logo":{"@type":"ImageObject","inLanguage":"ro-RO","@id":"https:\/\/soposting-worker.com\/ro\/#\/schema\/logo\/image\/","url":"https:\/\/soposting-worker.com\/wp-content\/uploads\/2024\/10\/logo-asd-spw-noir-transparent-carre.png","contentUrl":"https:\/\/soposting-worker.com\/wp-content\/uploads\/2024\/10\/logo-asd-spw-noir-transparent-carre.png","width":696,"height":696,"caption":"ASD SPW"},"image":{"@id":"https:\/\/soposting-worker.com\/ro\/#\/schema\/logo\/image\/"},"sameAs":["https:\/\/www.facebook.com\/asd.spw","https:\/\/www.linkedin.com\/showcase\/asd-spw\/"]},{"@type":"Person","@id":"https:\/\/soposting-worker.com\/ro\/#\/schema\/person\/b31bce7fff1784437db773710eff93c2","name":"No\u00e9mie Almot","image":{"@type":"ImageObject","inLanguage":"ro-RO","@id":"https:\/\/secure.gravatar.com\/avatar\/c508f2d04f5156ed4ea51ad0bc64956434847cd6ef7df14b03ab2724989799e4?s=96&d=mm&r=g","url":"https:\/\/secure.gravatar.com\/avatar\/c508f2d04f5156ed4ea51ad0bc64956434847cd6ef7df14b03ab2724989799e4?s=96&d=mm&r=g","contentUrl":"https:\/\/secure.gravatar.com\/avatar\/c508f2d04f5156ed4ea51ad0bc64956434847cd6ef7df14b03ab2724989799e4?s=96&d=mm&r=g","caption":"No\u00e9mie Almot"},"url":"https:\/\/soposting-worker.com\/ro\/author\/nalmot\/"}]}},"_links":{"self":[{"href":"https:\/\/soposting-worker.com\/ro\/wp-json\/wp\/v2\/posts\/34376","targetHints":{"allow":["GET"]}}],"collection":[{"href":"https:\/\/soposting-worker.com\/ro\/wp-json\/wp\/v2\/posts"}],"about":[{"href":"https:\/\/soposting-worker.com\/ro\/wp-json\/wp\/v2\/types\/post"}],"author":[{"embeddable":true,"href":"https:\/\/soposting-worker.com\/ro\/wp-json\/wp\/v2\/users\/8"}],"replies":[{"embeddable":true,"href":"https:\/\/soposting-worker.com\/ro\/wp-json\/wp\/v2\/comments?post=34376"}],"version-history":[{"count":1,"href":"https:\/\/soposting-worker.com\/ro\/wp-json\/wp\/v2\/posts\/34376\/revisions"}],"predecessor-version":[{"id":34377,"href":"https:\/\/soposting-worker.com\/ro\/wp-json\/wp\/v2\/posts\/34376\/revisions\/34377"}],"wp:featuredmedia":[{"embeddable":true,"href":"https:\/\/soposting-worker.com\/ro\/wp-json\/wp\/v2\/media\/18867"}],"wp:attachment":[{"href":"https:\/\/soposting-worker.com\/ro\/wp-json\/wp\/v2\/media?parent=34376"}],"wp:term":[{"taxonomy":"category","embeddable":true,"href":"https:\/\/soposting-worker.com\/ro\/wp-json\/wp\/v2\/categories?post=34376"},{"taxonomy":"post_tag","embeddable":true,"href":"https:\/\/soposting-worker.com\/ro\/wp-json\/wp\/v2\/tags?post=34376"},{"taxonomy":"country","embeddable":true,"href":"https:\/\/soposting-worker.com\/ro\/wp-json\/wp\/v2\/country?post=34376"}],"curies":[{"name":"wp","href":"https:\/\/api.w.org\/{rel}","templated":true}]}}