{"id":34479,"date":"2020-04-15T12:48:09","date_gmt":"2020-04-15T12:48:09","guid":{"rendered":"https:\/\/soposting-worker.com\/?p=34479"},"modified":"2025-02-26T12:20:29","modified_gmt":"2025-02-26T12:20:29","slug":"coronavirus-novas-diretrizes-da-comissao-europeia-de-23-e-30-de-maio","status":"publish","type":"post","link":"https:\/\/soposting-worker.com\/pt\/coronavirus-novas-diretrizes-da-comissao-europeia-de-23-e-30-de-maio\/","title":{"rendered":"Coronav\u00edrus: Novas diretrizes da Comiss\u00e3o Europeia de 23 e 30 de maio"},"content":{"rendered":"\n<p>\u00c9 importante recordar que, desde 19 e 20 de mar\u00e7o de 2020, as proibi\u00e7\u00f5es de circula\u00e7\u00e3o de ve\u00edculos de mercadorias com peso bruto superior a 7,5 toneladas, conforme previsto nos artigos 1, 2 e 3 da mencionada Ordem de 2 de mar\u00e7o de 2015, foram levantadas. No entanto, as pausas obrigat\u00f3rias continuam em vigor.<\/p>\n\n\n\n<p>Ap\u00f3s as novas publica\u00e7\u00f5es da Comiss\u00e3o Europeia datadas de 23 e 30 de mar\u00e7o de 2020, <strong>novas diretrizes pr\u00e1ticas sobre a gest\u00e3o das fronteiras foram propostas<\/strong>.<\/p>\n\n\n\n<p>Os Estados-Membros devem permitir que os trabalhadores entrem no territ\u00f3rio do Estado-Membro anfitri\u00e3o e tenham acesso livre ao seu local de trabalho se desempenharem fun\u00e7\u00f5es, em particular, em uma das seguintes profiss\u00f5es que prestam servi\u00e7os de utilidade geral:<\/p>\n\n\n\n<ul class=\"wp-block-list\">\n<li>Profissionais de sa\u00fade, incluindo param\u00e9dicos;<\/li>\n\n\n\n<li>Assistentes de cuidados, incluindo cuidadores de crian\u00e7as, assistentes de cuidados para deficientes e assistentes de cuidados para idosos;<\/li>\n\n\n\n<li>Cientistas da ind\u00fastria da sa\u00fade;<\/li>\n\n\n\n<li>Trabalhadores da ind\u00fastria farmac\u00eautica e de dispositivos m\u00e9dicos;<\/li>\n\n\n\n<li>Trabalhadores envolvidos no fornecimento de bens, e em particular na cadeia de abastecimento de medicamentos, suprimentos m\u00e9dicos, dispositivos m\u00e9dicos e equipamentos de prote\u00e7\u00e3o individual, incluindo a sua instala\u00e7\u00e3o e manuten\u00e7\u00e3o;<\/li>\n\n\n\n<li>Especialistas em tecnologia da informa\u00e7\u00e3o e comunica\u00e7\u00e3o;<\/li>\n\n\n\n<li>T\u00e9cnicos de informa\u00e7\u00e3o e comunica\u00e7\u00e3o e outros t\u00e9cnicos para manuten\u00e7\u00e3o de equipamentos essenciais;<\/li>\n\n\n\n<li>Especialistas t\u00e9cnicos, como engenheiros, t\u00e9cnicos de energia e t\u00e9cnicos el\u00e9tricos;<\/li>\n\n\n\n<li>Pessoas que trabalham em infraestruturas cr\u00edticas ou outras infraestruturas essenciais;<\/li>\n\n\n\n<li>Ocupa\u00e7\u00f5es interm\u00e9dias em ci\u00eancia e tecnologia (incluindo t\u00e9cnicos de \u00e1gua pot\u00e1vel);<\/li>\n\n\n\n<li>Pessoal de servi\u00e7os de prote\u00e7\u00e3o e seguran\u00e7a;<\/li>\n\n\n\n<li>Bombeiros\/policiais\/guardas prisionais\/agentes de seguran\u00e7a\/pessoal de defesa civil;<\/li>\n\n\n\n<li>Trabalhadores do setor de fabrica\u00e7\u00e3o e processamento de alimentos, e pessoal de vendas e manuten\u00e7\u00e3o associado;<\/li>\n\n\n\n<li>Operadores de m\u00e1quinas de alimentos e produtos relacionados (incluindo operadores de produ\u00e7\u00e3o de alimentos);<\/li>\n\n\n\n<li>Trabalhadores de transporte (8), e em particular:\n<ul class=\"wp-block-list\">\n<li>Motoristas de autom\u00f3veis, furg\u00f5es e motocicletas (9), motoristas de cami\u00f5es e autocarros (incluindo motoristas de autocarros e el\u00e9tricos) e motoristas de ambul\u00e2ncias, incluindo aqueles que transportam ajuda oferecida no \u00e2mbito do mecanismo de prote\u00e7\u00e3o civil da Uni\u00e3o e aqueles que transportam cidad\u00e3os da UE repatriados de outro Estado-Membro para o seu local de origem;<\/li>\n\n\n\n<li>Pilotos de avi\u00f5es;<\/li>\n\n\n\n<li>Maquinistas de comboio, inspetores de material circulante, pessoal de oficinas de manuten\u00e7\u00e3o e gestores de infraestruturas respons\u00e1veis pela gest\u00e3o do tr\u00e1fego e aloca\u00e7\u00e3o de capacidade;<\/li>\n\n\n\n<li>Trabalhadores mar\u00edtimos e de vias naveg\u00e1veis interiores;<\/li>\n\n\n\n<li>Pescadores;<\/li>\n\n\n\n<li>Pessoal de institui\u00e7\u00f5es p\u00fablicas e organiza\u00e7\u00f5es internacionais que desempenham fun\u00e7\u00f5es cr\u00edticas.<\/li>\n<\/ul>\n<\/li>\n<\/ul>\n\n\n\n<p>Os Estados-Membros devem tratar os trabalhadores sazonais da mesma forma que os trabalhadores nas profiss\u00f5es cr\u00edticas acima mencionadas.<\/p>\n\n\n\n<p>Da mesma forma, os Estados-Membros devem permitir que esses trabalhadores continuem a atravessar as suas fronteiras para trabalhar, desde que o Estado-Membro anfitri\u00e3o ainda permita o trabalho no setor em quest\u00e3o.<\/p>\n\n\n\n<p>Em rela\u00e7\u00e3o \u00e0s poss\u00edveis altera\u00e7\u00f5es no Estado-Membro de seguro social do trabalhador e de acordo com o Artigo 16 do Regulamento (CE) n\u00ba 883\/2004, os Estados-Membros poder\u00e3o manter a cobertura de seguran\u00e7a social inalterada para o trabalhador em quest\u00e3o.<\/p>\n\n\n\n<p><em>CUIDADO: Por enquanto, estas s\u00e3o apenas recomenda\u00e7\u00f5es aos Estados-Membros.<\/em><\/p>\n\n\n\n<h2 class=\"wp-block-heading\">Relativamente aos pontos de travessia de fronteira<\/h2>\n\n\n\n<p>Os Estados-Membros s\u00e3o convidados a designar todos os pontos de travessia relevantes na rede de transporte trans-europeia para a cria\u00e7\u00e3o de faixas reservadas. Estes pontos de travessia devem estar abertos a todos os ve\u00edculos de mercadorias, independentemente das mercadorias transportadas.<\/p>\n\n\n\n<p>Os Estados-Membros tamb\u00e9m s\u00e3o solicitados a coordenar os seus esfor\u00e7os para evitar a duplica\u00e7\u00e3o de triagens m\u00e9dicas para o coronav\u00edrus. Os exames de sa\u00fade devem ser realizados apenas de um lado da fronteira e n\u00e3o devem exigir que os trabalhadores saiam dos seus ve\u00edculos.<\/p>\n\n\n\n<p>No interesse da fluidez e da redu\u00e7\u00e3o do tempo de espera, os exames de sa\u00fade e as triagens n\u00e3o devem demorar mais de 15 minutos nessas condi\u00e7\u00f5es.<\/p>\n\n\n\n<p>Al\u00e9m disso, foi criada uma plataforma pela Comiss\u00e3o Europeia para fornecer informa\u00e7\u00f5es sobre as medidas nacionais de transporte adotadas pelos v\u00e1rios Estados-Membros.<\/p>\n\n\n\n<p>Sob estas condi\u00e7\u00f5es espec\u00edficas, a triagem m\u00e9dica para trabalhadores fronteiri\u00e7os e trabalhadores destacados deve ser realizada nas mesmas condi\u00e7\u00f5es que para os trabalhadores nacionais nas mesmas profiss\u00f5es.<\/p>\n\n\n\n<p>Cita\u00e7\u00e3o de Adina V\u0103lean, Comiss\u00e1ria para os Transportes:<\/p>\n\n\n\n<p><em>&#8220;A rede de transportes da UE serve toda a UE. O nosso documento de pol\u00edticas visa proteger as cadeias de abastecimento da UE nestas circunst\u00e2ncias dif\u00edceis e garantir que tanto os trabalhadores do transporte como as mercadorias possam alcan\u00e7ar o seu destino, conforme necess\u00e1rio &#8211; sem demora. Hoje, \u00e9 mais importante do que nunca adotar uma abordagem coletiva e coordenada para o transporte transfronteiri\u00e7o. As faixas reservadas tamb\u00e9m foram especificamente desenhadas para proteger os trabalhadores de transporte, que est\u00e3o na linha da frente durante esta crise. Este conjunto de recomenda\u00e7\u00f5es facilitar\u00e1 ainda mais o seu trabalho j\u00e1 stressante e aumentar\u00e1 a seguran\u00e7a e previsibilidade no desempenho das suas fun\u00e7\u00f5es.&#8221;<\/em><\/p>\n","protected":false},"excerpt":{"rendered":"<p>\u00c9 importante recordar que, desde 19 e 20 de mar\u00e7o de 2020, as proibi\u00e7\u00f5es de circula\u00e7\u00e3o de ve\u00edculos de mercadorias com peso bruto superior a 7,5 toneladas, conforme previsto nos artigos 1, 2 e 3 da mencionada Ordem de 2 de mar\u00e7o de 2015, foram levantadas. No entanto, as pausas obrigat\u00f3rias continuam em vigor. Ap\u00f3s [&hellip;]<\/p>\n","protected":false},"author":8,"featured_media":34188,"comment_status":"closed","ping_status":"closed","sticky":false,"template":"","format":"standard","meta":{"footnotes":""},"categories":[284],"tags":[299],"country":[286],"class_list":["post-34479","post","type-post","status-publish","format-standard","has-post-thumbnail","hentry","category-destacamento-de-trabalhadores","tag-regulamentos","country-uniao-europeia"],"yoast_head":"<!-- This site is optimized with the Yoast SEO plugin v27.4 - https:\/\/yoast.com\/product\/yoast-seo-wordpress\/ -->\n<title>Novas Orienta\u00e7\u00f5es da CE: Atualiza\u00e7\u00f5es sobre o Coronav\u00edrus | ASD SPW<\/title>\n<meta name=\"description\" content=\"Saiba mais sobre as novas orienta\u00e7\u00f5es da Comiss\u00e3o Europeia sobre o coronav\u00edrus, datadas de 23 e 30 de maio.\" \/>\n<meta name=\"robots\" content=\"index, follow, max-snippet:-1, max-image-preview:large, max-video-preview:-1\" \/>\n<link rel=\"canonical\" href=\"https:\/\/soposting-worker.com\/pt\/coronavirus-novas-diretrizes-da-comissao-europeia-de-23-e-30-de-maio\/\" \/>\n<meta property=\"og:locale\" content=\"pt_PT\" \/>\n<meta property=\"og:type\" content=\"article\" \/>\n<meta property=\"og:title\" content=\"Novas Orienta\u00e7\u00f5es da CE: Atualiza\u00e7\u00f5es sobre o Coronav\u00edrus | ASD SPW\" \/>\n<meta property=\"og:description\" content=\"Saiba mais sobre as novas orienta\u00e7\u00f5es da Comiss\u00e3o Europeia sobre o coronav\u00edrus, datadas de 23 e 30 de maio.\" \/>\n<meta property=\"og:url\" content=\"https:\/\/soposting-worker.com\/pt\/coronavirus-novas-diretrizes-da-comissao-europeia-de-23-e-30-de-maio\/\" \/>\n<meta property=\"og:site_name\" content=\"ASD SPW\" \/>\n<meta property=\"article:publisher\" content=\"https:\/\/www.facebook.com\/asd.spw\" \/>\n<meta property=\"article:published_time\" content=\"2020-04-15T12:48:09+00:00\" \/>\n<meta property=\"article:modified_time\" content=\"2025-02-26T12:20:29+00:00\" \/>\n<meta property=\"og:image\" content=\"https:\/\/82.97.17.139\/wp-content\/uploads\/2020\/04\/coronavirus-nouvelles-orientations-de-la-commission-europeenne-du-23-et-30-mai.jpg\" \/>\n\t<meta property=\"og:image:width\" content=\"1440\" \/>\n\t<meta property=\"og:image:height\" content=\"960\" \/>\n\t<meta property=\"og:image:type\" content=\"image\/jpeg\" \/>\n<meta name=\"author\" content=\"No\u00e9mie Almot\" \/>\n<meta name=\"twitter:card\" content=\"summary_large_image\" \/>\n<meta name=\"twitter:label1\" content=\"Written by\" \/>\n\t<meta name=\"twitter:data1\" content=\"No\u00e9mie Almot\" \/>\n\t<meta name=\"twitter:label2\" content=\"Est. reading time\" \/>\n\t<meta name=\"twitter:data2\" content=\"4 minutes\" \/>\n<script type=\"application\/ld+json\" class=\"yoast-schema-graph\">{\"@context\":\"https:\\\/\\\/schema.org\",\"@graph\":[{\"@type\":\"Article\",\"@id\":\"https:\\\/\\\/soposting-worker.com\\\/pt\\\/coronavirus-novas-diretrizes-da-comissao-europeia-de-23-e-30-de-maio\\\/#article\",\"isPartOf\":{\"@id\":\"https:\\\/\\\/soposting-worker.com\\\/pt\\\/coronavirus-novas-diretrizes-da-comissao-europeia-de-23-e-30-de-maio\\\/\"},\"author\":{\"name\":\"No\u00e9mie Almot\",\"@id\":\"https:\\\/\\\/soposting-worker.com\\\/pt\\\/#\\\/schema\\\/person\\\/b31bce7fff1784437db773710eff93c2\"},\"headline\":\"Coronav\u00edrus: Novas diretrizes da Comiss\u00e3o Europeia de 23 e 30 de maio\",\"datePublished\":\"2020-04-15T12:48:09+00:00\",\"dateModified\":\"2025-02-26T12:20:29+00:00\",\"mainEntityOfPage\":{\"@id\":\"https:\\\/\\\/soposting-worker.com\\\/pt\\\/coronavirus-novas-diretrizes-da-comissao-europeia-de-23-e-30-de-maio\\\/\"},\"wordCount\":893,\"publisher\":{\"@id\":\"https:\\\/\\\/soposting-worker.com\\\/pt\\\/#organization\"},\"image\":{\"@id\":\"https:\\\/\\\/soposting-worker.com\\\/pt\\\/coronavirus-novas-diretrizes-da-comissao-europeia-de-23-e-30-de-maio\\\/#primaryimage\"},\"thumbnailUrl\":\"https:\\\/\\\/soposting-worker.com\\\/wp-content\\\/uploads\\\/2020\\\/04\\\/coronavirus-nouvelles-orientations-de-la-commission-europeenne-du-23-et-30-mai.jpg\",\"keywords\":[\"Regulamentos\"],\"articleSection\":[\"Destacamento de trabalhadores\"],\"inLanguage\":\"Pt-PT\"},{\"@type\":\"WebPage\",\"@id\":\"https:\\\/\\\/soposting-worker.com\\\/pt\\\/coronavirus-novas-diretrizes-da-comissao-europeia-de-23-e-30-de-maio\\\/\",\"url\":\"https:\\\/\\\/soposting-worker.com\\\/pt\\\/coronavirus-novas-diretrizes-da-comissao-europeia-de-23-e-30-de-maio\\\/\",\"name\":\"Novas Orienta\u00e7\u00f5es da CE: Atualiza\u00e7\u00f5es sobre o Coronav\u00edrus | ASD SPW\",\"isPartOf\":{\"@id\":\"https:\\\/\\\/soposting-worker.com\\\/pt\\\/#website\"},\"primaryImageOfPage\":{\"@id\":\"https:\\\/\\\/soposting-worker.com\\\/pt\\\/coronavirus-novas-diretrizes-da-comissao-europeia-de-23-e-30-de-maio\\\/#primaryimage\"},\"image\":{\"@id\":\"https:\\\/\\\/soposting-worker.com\\\/pt\\\/coronavirus-novas-diretrizes-da-comissao-europeia-de-23-e-30-de-maio\\\/#primaryimage\"},\"thumbnailUrl\":\"https:\\\/\\\/soposting-worker.com\\\/wp-content\\\/uploads\\\/2020\\\/04\\\/coronavirus-nouvelles-orientations-de-la-commission-europeenne-du-23-et-30-mai.jpg\",\"datePublished\":\"2020-04-15T12:48:09+00:00\",\"dateModified\":\"2025-02-26T12:20:29+00:00\",\"description\":\"Saiba mais sobre as novas orienta\u00e7\u00f5es da Comiss\u00e3o Europeia sobre o coronav\u00edrus, datadas de 23 e 30 de maio.\",\"breadcrumb\":{\"@id\":\"https:\\\/\\\/soposting-worker.com\\\/pt\\\/coronavirus-novas-diretrizes-da-comissao-europeia-de-23-e-30-de-maio\\\/#breadcrumb\"},\"inLanguage\":\"Pt-PT\",\"potentialAction\":[{\"@type\":\"ReadAction\",\"target\":[\"https:\\\/\\\/soposting-worker.com\\\/pt\\\/coronavirus-novas-diretrizes-da-comissao-europeia-de-23-e-30-de-maio\\\/\"]}]},{\"@type\":\"ImageObject\",\"inLanguage\":\"Pt-PT\",\"@id\":\"https:\\\/\\\/soposting-worker.com\\\/pt\\\/coronavirus-novas-diretrizes-da-comissao-europeia-de-23-e-30-de-maio\\\/#primaryimage\",\"url\":\"https:\\\/\\\/soposting-worker.com\\\/wp-content\\\/uploads\\\/2020\\\/04\\\/coronavirus-nouvelles-orientations-de-la-commission-europeenne-du-23-et-30-mai.jpg\",\"contentUrl\":\"https:\\\/\\\/soposting-worker.com\\\/wp-content\\\/uploads\\\/2020\\\/04\\\/coronavirus-nouvelles-orientations-de-la-commission-europeenne-du-23-et-30-mai.jpg\",\"width\":1440,\"height\":960,\"caption\":\"Coronavirus : Nouvelles orientations de la Commission europ\u00e9enne du 23 et 30 mai\"},{\"@type\":\"BreadcrumbList\",\"@id\":\"https:\\\/\\\/soposting-worker.com\\\/pt\\\/coronavirus-novas-diretrizes-da-comissao-europeia-de-23-e-30-de-maio\\\/#breadcrumb\",\"itemListElement\":[{\"@type\":\"ListItem\",\"position\":1,\"name\":\"Accueil\",\"item\":\"https:\\\/\\\/soposting-worker.com\\\/pt\\\/\"},{\"@type\":\"ListItem\",\"position\":2,\"name\":\"Coronav\u00edrus: Novas diretrizes da Comiss\u00e3o Europeia de 23 e 30 de maio\"}]},{\"@type\":\"WebSite\",\"@id\":\"https:\\\/\\\/soposting-worker.com\\\/pt\\\/#website\",\"url\":\"https:\\\/\\\/soposting-worker.com\\\/pt\\\/\",\"name\":\"ASD SPW\",\"description\":\"Streamline Your Secondments, Simplify Procedures\",\"publisher\":{\"@id\":\"https:\\\/\\\/soposting-worker.com\\\/pt\\\/#organization\"},\"alternateName\":\"So Posting Worker\",\"potentialAction\":[{\"@type\":\"SearchAction\",\"target\":{\"@type\":\"EntryPoint\",\"urlTemplate\":\"https:\\\/\\\/soposting-worker.com\\\/pt\\\/?s={search_term_string}\"},\"query-input\":{\"@type\":\"PropertyValueSpecification\",\"valueRequired\":true,\"valueName\":\"search_term_string\"}}],\"inLanguage\":\"Pt-PT\"},{\"@type\":\"Organization\",\"@id\":\"https:\\\/\\\/soposting-worker.com\\\/pt\\\/#organization\",\"name\":\"ASD SPW\",\"alternateName\":\"So Posting Worker\",\"url\":\"https:\\\/\\\/soposting-worker.com\\\/pt\\\/\",\"logo\":{\"@type\":\"ImageObject\",\"inLanguage\":\"Pt-PT\",\"@id\":\"https:\\\/\\\/soposting-worker.com\\\/pt\\\/#\\\/schema\\\/logo\\\/image\\\/\",\"url\":\"https:\\\/\\\/soposting-worker.com\\\/wp-content\\\/uploads\\\/2024\\\/10\\\/logo-asd-spw-noir-transparent-carre.png\",\"contentUrl\":\"https:\\\/\\\/soposting-worker.com\\\/wp-content\\\/uploads\\\/2024\\\/10\\\/logo-asd-spw-noir-transparent-carre.png\",\"width\":696,\"height\":696,\"caption\":\"ASD SPW\"},\"image\":{\"@id\":\"https:\\\/\\\/soposting-worker.com\\\/pt\\\/#\\\/schema\\\/logo\\\/image\\\/\"},\"sameAs\":[\"https:\\\/\\\/www.facebook.com\\\/asd.spw\",\"https:\\\/\\\/www.linkedin.com\\\/showcase\\\/asd-spw\\\/\"]},{\"@type\":\"Person\",\"@id\":\"https:\\\/\\\/soposting-worker.com\\\/pt\\\/#\\\/schema\\\/person\\\/b31bce7fff1784437db773710eff93c2\",\"name\":\"No\u00e9mie Almot\",\"image\":{\"@type\":\"ImageObject\",\"inLanguage\":\"Pt-PT\",\"@id\":\"https:\\\/\\\/secure.gravatar.com\\\/avatar\\\/c508f2d04f5156ed4ea51ad0bc64956434847cd6ef7df14b03ab2724989799e4?s=96&d=mm&r=g\",\"url\":\"https:\\\/\\\/secure.gravatar.com\\\/avatar\\\/c508f2d04f5156ed4ea51ad0bc64956434847cd6ef7df14b03ab2724989799e4?s=96&d=mm&r=g\",\"contentUrl\":\"https:\\\/\\\/secure.gravatar.com\\\/avatar\\\/c508f2d04f5156ed4ea51ad0bc64956434847cd6ef7df14b03ab2724989799e4?s=96&d=mm&r=g\",\"caption\":\"No\u00e9mie Almot\"},\"url\":\"https:\\\/\\\/soposting-worker.com\\\/pt\\\/author\\\/nalmot\\\/\"}]}<\/script>\n<!-- \/ Yoast SEO plugin. -->","yoast_head_json":{"title":"Novas Orienta\u00e7\u00f5es da CE: Atualiza\u00e7\u00f5es sobre o Coronav\u00edrus | ASD SPW","description":"Saiba mais sobre as novas orienta\u00e7\u00f5es da Comiss\u00e3o Europeia sobre o coronav\u00edrus, datadas de 23 e 30 de maio.","robots":{"index":"index","follow":"follow","max-snippet":"max-snippet:-1","max-image-preview":"max-image-preview:large","max-video-preview":"max-video-preview:-1"},"canonical":"https:\/\/soposting-worker.com\/pt\/coronavirus-novas-diretrizes-da-comissao-europeia-de-23-e-30-de-maio\/","og_locale":"pt_PT","og_type":"article","og_title":"Novas Orienta\u00e7\u00f5es da CE: Atualiza\u00e7\u00f5es sobre o Coronav\u00edrus | ASD SPW","og_description":"Saiba mais sobre as novas orienta\u00e7\u00f5es da Comiss\u00e3o Europeia sobre o coronav\u00edrus, datadas de 23 e 30 de maio.","og_url":"https:\/\/soposting-worker.com\/pt\/coronavirus-novas-diretrizes-da-comissao-europeia-de-23-e-30-de-maio\/","og_site_name":"ASD SPW","article_publisher":"https:\/\/www.facebook.com\/asd.spw","article_published_time":"2020-04-15T12:48:09+00:00","article_modified_time":"2025-02-26T12:20:29+00:00","og_image":[{"width":1440,"height":960,"url":"https:\/\/82.97.17.139\/wp-content\/uploads\/2020\/04\/coronavirus-nouvelles-orientations-de-la-commission-europeenne-du-23-et-30-mai.jpg","type":"image\/jpeg"}],"author":"No\u00e9mie Almot","twitter_card":"summary_large_image","twitter_misc":{"Written by":"No\u00e9mie Almot","Est. reading time":"4 minutes"},"schema":{"@context":"https:\/\/schema.org","@graph":[{"@type":"Article","@id":"https:\/\/soposting-worker.com\/pt\/coronavirus-novas-diretrizes-da-comissao-europeia-de-23-e-30-de-maio\/#article","isPartOf":{"@id":"https:\/\/soposting-worker.com\/pt\/coronavirus-novas-diretrizes-da-comissao-europeia-de-23-e-30-de-maio\/"},"author":{"name":"No\u00e9mie Almot","@id":"https:\/\/soposting-worker.com\/pt\/#\/schema\/person\/b31bce7fff1784437db773710eff93c2"},"headline":"Coronav\u00edrus: Novas diretrizes da Comiss\u00e3o Europeia de 23 e 30 de maio","datePublished":"2020-04-15T12:48:09+00:00","dateModified":"2025-02-26T12:20:29+00:00","mainEntityOfPage":{"@id":"https:\/\/soposting-worker.com\/pt\/coronavirus-novas-diretrizes-da-comissao-europeia-de-23-e-30-de-maio\/"},"wordCount":893,"publisher":{"@id":"https:\/\/soposting-worker.com\/pt\/#organization"},"image":{"@id":"https:\/\/soposting-worker.com\/pt\/coronavirus-novas-diretrizes-da-comissao-europeia-de-23-e-30-de-maio\/#primaryimage"},"thumbnailUrl":"https:\/\/soposting-worker.com\/wp-content\/uploads\/2020\/04\/coronavirus-nouvelles-orientations-de-la-commission-europeenne-du-23-et-30-mai.jpg","keywords":["Regulamentos"],"articleSection":["Destacamento de trabalhadores"],"inLanguage":"Pt-PT"},{"@type":"WebPage","@id":"https:\/\/soposting-worker.com\/pt\/coronavirus-novas-diretrizes-da-comissao-europeia-de-23-e-30-de-maio\/","url":"https:\/\/soposting-worker.com\/pt\/coronavirus-novas-diretrizes-da-comissao-europeia-de-23-e-30-de-maio\/","name":"Novas Orienta\u00e7\u00f5es da CE: Atualiza\u00e7\u00f5es sobre o Coronav\u00edrus | ASD SPW","isPartOf":{"@id":"https:\/\/soposting-worker.com\/pt\/#website"},"primaryImageOfPage":{"@id":"https:\/\/soposting-worker.com\/pt\/coronavirus-novas-diretrizes-da-comissao-europeia-de-23-e-30-de-maio\/#primaryimage"},"image":{"@id":"https:\/\/soposting-worker.com\/pt\/coronavirus-novas-diretrizes-da-comissao-europeia-de-23-e-30-de-maio\/#primaryimage"},"thumbnailUrl":"https:\/\/soposting-worker.com\/wp-content\/uploads\/2020\/04\/coronavirus-nouvelles-orientations-de-la-commission-europeenne-du-23-et-30-mai.jpg","datePublished":"2020-04-15T12:48:09+00:00","dateModified":"2025-02-26T12:20:29+00:00","description":"Saiba mais sobre as novas orienta\u00e7\u00f5es da Comiss\u00e3o Europeia sobre o coronav\u00edrus, datadas de 23 e 30 de maio.","breadcrumb":{"@id":"https:\/\/soposting-worker.com\/pt\/coronavirus-novas-diretrizes-da-comissao-europeia-de-23-e-30-de-maio\/#breadcrumb"},"inLanguage":"Pt-PT","potentialAction":[{"@type":"ReadAction","target":["https:\/\/soposting-worker.com\/pt\/coronavirus-novas-diretrizes-da-comissao-europeia-de-23-e-30-de-maio\/"]}]},{"@type":"ImageObject","inLanguage":"Pt-PT","@id":"https:\/\/soposting-worker.com\/pt\/coronavirus-novas-diretrizes-da-comissao-europeia-de-23-e-30-de-maio\/#primaryimage","url":"https:\/\/soposting-worker.com\/wp-content\/uploads\/2020\/04\/coronavirus-nouvelles-orientations-de-la-commission-europeenne-du-23-et-30-mai.jpg","contentUrl":"https:\/\/soposting-worker.com\/wp-content\/uploads\/2020\/04\/coronavirus-nouvelles-orientations-de-la-commission-europeenne-du-23-et-30-mai.jpg","width":1440,"height":960,"caption":"Coronavirus : Nouvelles orientations de la Commission europ\u00e9enne du 23 et 30 mai"},{"@type":"BreadcrumbList","@id":"https:\/\/soposting-worker.com\/pt\/coronavirus-novas-diretrizes-da-comissao-europeia-de-23-e-30-de-maio\/#breadcrumb","itemListElement":[{"@type":"ListItem","position":1,"name":"Accueil","item":"https:\/\/soposting-worker.com\/pt\/"},{"@type":"ListItem","position":2,"name":"Coronav\u00edrus: Novas diretrizes da Comiss\u00e3o Europeia de 23 e 30 de maio"}]},{"@type":"WebSite","@id":"https:\/\/soposting-worker.com\/pt\/#website","url":"https:\/\/soposting-worker.com\/pt\/","name":"ASD SPW","description":"Streamline Your Secondments, Simplify Procedures","publisher":{"@id":"https:\/\/soposting-worker.com\/pt\/#organization"},"alternateName":"So Posting Worker","potentialAction":[{"@type":"SearchAction","target":{"@type":"EntryPoint","urlTemplate":"https:\/\/soposting-worker.com\/pt\/?s={search_term_string}"},"query-input":{"@type":"PropertyValueSpecification","valueRequired":true,"valueName":"search_term_string"}}],"inLanguage":"Pt-PT"},{"@type":"Organization","@id":"https:\/\/soposting-worker.com\/pt\/#organization","name":"ASD SPW","alternateName":"So Posting Worker","url":"https:\/\/soposting-worker.com\/pt\/","logo":{"@type":"ImageObject","inLanguage":"Pt-PT","@id":"https:\/\/soposting-worker.com\/pt\/#\/schema\/logo\/image\/","url":"https:\/\/soposting-worker.com\/wp-content\/uploads\/2024\/10\/logo-asd-spw-noir-transparent-carre.png","contentUrl":"https:\/\/soposting-worker.com\/wp-content\/uploads\/2024\/10\/logo-asd-spw-noir-transparent-carre.png","width":696,"height":696,"caption":"ASD SPW"},"image":{"@id":"https:\/\/soposting-worker.com\/pt\/#\/schema\/logo\/image\/"},"sameAs":["https:\/\/www.facebook.com\/asd.spw","https:\/\/www.linkedin.com\/showcase\/asd-spw\/"]},{"@type":"Person","@id":"https:\/\/soposting-worker.com\/pt\/#\/schema\/person\/b31bce7fff1784437db773710eff93c2","name":"No\u00e9mie Almot","image":{"@type":"ImageObject","inLanguage":"Pt-PT","@id":"https:\/\/secure.gravatar.com\/avatar\/c508f2d04f5156ed4ea51ad0bc64956434847cd6ef7df14b03ab2724989799e4?s=96&d=mm&r=g","url":"https:\/\/secure.gravatar.com\/avatar\/c508f2d04f5156ed4ea51ad0bc64956434847cd6ef7df14b03ab2724989799e4?s=96&d=mm&r=g","contentUrl":"https:\/\/secure.gravatar.com\/avatar\/c508f2d04f5156ed4ea51ad0bc64956434847cd6ef7df14b03ab2724989799e4?s=96&d=mm&r=g","caption":"No\u00e9mie Almot"},"url":"https:\/\/soposting-worker.com\/pt\/author\/nalmot\/"}]}},"_links":{"self":[{"href":"https:\/\/soposting-worker.com\/pt\/wp-json\/wp\/v2\/posts\/34479","targetHints":{"allow":["GET"]}}],"collection":[{"href":"https:\/\/soposting-worker.com\/pt\/wp-json\/wp\/v2\/posts"}],"about":[{"href":"https:\/\/soposting-worker.com\/pt\/wp-json\/wp\/v2\/types\/post"}],"author":[{"embeddable":true,"href":"https:\/\/soposting-worker.com\/pt\/wp-json\/wp\/v2\/users\/8"}],"replies":[{"embeddable":true,"href":"https:\/\/soposting-worker.com\/pt\/wp-json\/wp\/v2\/comments?post=34479"}],"version-history":[{"count":1,"href":"https:\/\/soposting-worker.com\/pt\/wp-json\/wp\/v2\/posts\/34479\/revisions"}],"predecessor-version":[{"id":34480,"href":"https:\/\/soposting-worker.com\/pt\/wp-json\/wp\/v2\/posts\/34479\/revisions\/34480"}],"wp:featuredmedia":[{"embeddable":true,"href":"https:\/\/soposting-worker.com\/pt\/wp-json\/wp\/v2\/media\/34188"}],"wp:attachment":[{"href":"https:\/\/soposting-worker.com\/pt\/wp-json\/wp\/v2\/media?parent=34479"}],"wp:term":[{"taxonomy":"category","embeddable":true,"href":"https:\/\/soposting-worker.com\/pt\/wp-json\/wp\/v2\/categories?post=34479"},{"taxonomy":"post_tag","embeddable":true,"href":"https:\/\/soposting-worker.com\/pt\/wp-json\/wp\/v2\/tags?post=34479"},{"taxonomy":"country","embeddable":true,"href":"https:\/\/soposting-worker.com\/pt\/wp-json\/wp\/v2\/country?post=34479"}],"curies":[{"name":"wp","href":"https:\/\/api.w.org\/{rel}","templated":true}]}}